{"id":10974,"date":"2025-07-04T17:14:21","date_gmt":"2025-07-04T20:14:21","guid":{"rendered":"https:\/\/stage-mastersense.fuerzastudio.com\/?p=10974"},"modified":"2025-07-04T17:14:23","modified_gmt":"2025-07-04T20:14:23","slug":"lo-que-necesitas-saber-sobre-la-proteina-de-arveja","status":"publish","type":"post","link":"https:\/\/mastersense.com\/es\/lo-que-necesitas-saber-sobre-la-proteina-de-arveja\/","title":{"rendered":"Lo que necesitas saber sobre la prote\u00edna de arveja\u00a0"},"content":{"rendered":"\n<p>Seg\u00fan datos de GNPD Mintel, los productos lanzados a nivel mundial con&nbsp;<strong>prote\u00edna de arveja<\/strong>&nbsp;mostraron un crecimiento de aproximadamente 4% entre los a\u00f1os 2020 y 2022, siendo la prote\u00edna vegetal de mayor crecimiento en la actualidad.<\/p>\n\n\n\n<p>Opciones m\u00e1s \u00e9ticas, saludables y sostenibles est\u00e1n impulsando a los consumidores hacia los alimentos de origen vegetal, lo que est\u00e1 trayendo una ola de innovaciones con un gran potencial para ingredientes como las prote\u00ednas de origen vegetal de las m\u00e1s variadas fuentes, como la prote\u00edna de arveja.<\/p>\n\n\n\n<p>\u00bfQuieres saber m\u00e1s sobre el tema y los beneficios de la prote\u00edna de arveja para tu marca? \u00a1Entonces sigue el contenido que&nbsp;<a href=\"https:\/\/www.mastersense.com\/\"><u><strong>MasterSense<\/strong><\/u><\/a>&nbsp;ha preparado a continuaci\u00f3n!<\/p>\n\n\n\n<h2 class=\"wp-block-heading\"><strong>\u00bfPor qu\u00e9 la prote\u00edna de la arveja?<\/strong><\/h2>\n\n\n\n<p>Las alternativas proteicas est\u00e1n marcando tendencia ya que ofrecen mucho m\u00e1s all\u00e1 de los beneficios ambientales. Seg\u00fan FMCG Gurus, 45% de los consumidores de snacks proteicos en sudam\u00e9rica est\u00e1n preocupados por el sabor residual de los productos y 37% por la textura. Las otras preocupaciones principales se refieren a la calidad de la prote\u00edna, la fuente y su cantidad a\u00f1adida.<\/p>\n\n\n\n<p>La prote\u00edna de arveja se est\u00e1 convirtiendo r\u00e1pidamente en una de las alternativas m\u00e1s viables gracias a los grandes beneficios que ofrece. Los estudios indican que el&nbsp;<strong>consumo de prote\u00edna de arveja&nbsp;<\/strong>puede ayudar a reducir la presi\u00f3n arterial, el colesterol, las enfermedades cardiovasculares y fortalecer el sistema inmunol\u00f3gico. En el desarrollo de procesos, las ventajas son la estabilidad a altas temperaturas y la ausencia de al\u00e9rgenos.<\/p>\n\n\n\n<p>As\u00ed, las prote\u00ednas de arveja Trupro\u2122&nbsp;son grandes aliadas para la industria y el consumidor. A continuaci\u00f3n te damos algunos datos sobre el ingrediente para que conozcas cada vez m\u00e1s las caracter\u00edsticas que satisfacen las necesidades del mercado.<\/p>\n\n\n\n<h2 class=\"wp-block-heading\"><strong>Prote\u00edna de arveja TRUPRO\u2122&nbsp;2000<\/strong><\/h2>\n\n\n\n<figure class=\"wp-block-image size-full\"><img data-recalc-dims=\"1\" decoding=\"async\" src=\"https:\/\/i0.wp.com\/stage-mastersense.fuerzastudio.com\/wp-content\/uploads\/2025\/07\/ervilha.png?w=800&#038;ssl=1\" alt=\"\" class=\"wp-image-10978\"\/><\/figure>\n\n\n\n<h2 class=\"wp-block-heading\"><strong>\u00bfConoces&nbsp;la prote\u00edna de arveja TRUPRO\u2122&nbsp;2000<\/strong>?<\/h2>\n\n\n\n<p>No es m\u00e1s que un ingrediente con un 85 % de prote\u00edna, con un sabor y una sensaci\u00f3n en la boca superiores a las opciones de la competencia en el mercado, adem\u00e1s dofrecen una excelente solubilidad, suspensi\u00f3n, estabilidad y dispersabilidad. Esto lo hace ideal para aplicaciones con los beneficios de un mejor sabor y textura.<\/p>\n\n\n\n<h2 class=\"wp-block-heading\"><strong>\u00bfCu\u00e1les son los beneficios de utilizar la Prote\u00edna de arveja TRUPRO\u2122&nbsp;2000?<\/strong><\/h2>\n\n\n\n<ul class=\"wp-block-list\">\n<li>Non-GMO (actualmente no hay arvejas modificados gen\u00e9ticamente);<\/li>\n\n\n\n<li>No etiquetado como al\u00e9rgeno;<\/li>\n\n\n\n<li>Excelente fluidez;<\/li>\n\n\n\n<li>Est\u00e1 declarada como prote\u00edna de arveja;<\/li>\n\n\n\n<li>Menor cantidad de sodio en comparaci\u00f3n con otras referencias.<\/li>\n<\/ul>\n\n\n\n<h2 class=\"wp-block-heading\"><strong>Apostamos por la salud y la reducci\u00f3n de sodio<\/strong><\/h2>\n\n\n\n<p>La prote\u00edna de arveja TRUPRO\u2122&nbsp;2000 tiene un menor contenido de sodio en comparaci\u00f3n con las opciones del mercado, lo que la convierte en un ingrediente ideal para formular productos m\u00e1s saludables y que contribuye a la reducci\u00f3n de la hipertensi\u00f3n arterial y las enfermedades derivadas.<\/p>\n\n\n\n<h2 class=\"wp-block-heading\"><strong>Requisitos nutricionales relacionados con el contenido proteico<\/strong><\/h2>\n\n\n\n<p>De conformidad con la resoluci\u00f3n 810 del 6 de junio de 2021, que establece el reglamento t\u00e9cnico sobre los requisitos nutricionales y de etiquetado frontal que deben cumplir los alimentos envasados para consumo humano, se pueden realizar declaraciones convencionales con respecto al contenido proteico de la siguiente manera:<\/p>\n\n\n\n<figure class=\"wp-block-table\"><table class=\"has-fixed-layout\"><tbody><tr><td><strong>Componente<\/strong><\/td><td><strong>Declaraci\u00f3n<\/strong><\/td><td><strong>Condiciones<\/strong><\/td><\/tr><tr><td rowspan=\"2\">Prote\u00edna<\/td><td>\u201cBuena fuente\u201d, \u201caporta\u201d, \u201cfuente\u201d, \u201ccontiene\u201d o \u201ccontra\u201d.<\/td><td>10 % VRN por 100 g (s\u00f3lidos) 5 % VRN por 100 ml (l\u00edquidos) 10 % VRN por raci\u00f3n de alimento<\/td><\/tr><tr><td>\u201cFuente excelente\u201d o \u201cRico en\u201d.<\/td><td>20% VRN por 100 g (s\u00f3lidos) 10% VRN por 100 ml (l\u00edquido) 20% VRN por raci\u00f3n de alimento<\/td><\/tr><\/tbody><\/table><\/figure>\n\n\n\n<p><em>Fuente: Resoluci\u00f3n 810 de 2021<\/em><\/p>\n\n\n\n<p>Valores Diarios de Referencia (VRN) de prote\u00edna seg\u00fan Resoluci\u00f3n 810 de 2021:<\/p>\n\n\n\n<figure class=\"wp-block-table\"><table class=\"has-fixed-layout\"><tbody><tr><td><strong>Nutriente<\/strong><\/td><td><strong>Unidadde medici\u00f3n<\/strong><\/td><td><strong>Ni\u00f1os mayores de 6 meses y menores de 4 a\u00f1os.<\/strong><\/td><td><strong>Ni\u00f1os a partir de 4 a\u00f1os y adultos.<\/strong><\/td><\/tr><tr><td>Prote\u00ednas<\/td><td>Gramos<\/td><td>25 g<\/td><td>50 g<\/td><\/tr><\/tbody><\/table><\/figure>\n\n\n\n<p><em>Fuente: Resoluci\u00f3n 810 de 2021<\/em><\/p>\n\n\n\n<h3 class=\"wp-block-heading\"><strong>\u00a1La prote\u00edna de la arveja es toda una opci\u00f3n para tu marca!<\/strong><\/h3>\n\n\n\n<p>Entonces, \u00bfqu\u00e9 te pareci\u00f3 conocer un poco m\u00e1s sobre&nbsp;la prote\u00edna de la arveja y todo el potencial de este ingrediente para tu marca?<\/p>\n\n\n\n<p>Disfrute y aprenda a desarrollar productos de prote\u00edna de arveja con&nbsp;<strong>MasterSense<\/strong>! \u00a1Cont\u00e1ctenos a trav\u00e9s del sitio web y descubra c\u00f3mo podemos ayudarlo!<\/p>\n","protected":false},"excerpt":{"rendered":"<p>Seg\u00fan datos de GNPD Mintel, los productos lanzados a nivel mundial con\u00a0prote\u00edna de arveja\u00a0mostraron un crecimiento de aproximadamente 4% entre los a\u00f1os 2020 y 2022, siendo la prote\u00edna vegetal de mayor crecimiento en la actualidad.<\/p>\n","protected":false},"author":1,"featured_media":10975,"comment_status":"open","ping_status":"open","sticky":false,"template":"","format":"standard","meta":{"_acf_changed":false,"footnotes":""},"categories":[197,198,196],"tags":[],"class_list":["post-10974","post","type-post","status-publish","format-standard","has-post-thumbnail","hentry","category-ingredientes-2","category-suplementos-alimenticios","category-tendencias-2"],"acf":[],"yoast_head":"<!-- This site is optimized with the Yoast SEO plugin v26.6 - https:\/\/yoast.com\/wordpress\/plugins\/seo\/ -->\n<title>Lo que necesitas saber sobre la prote\u00edna de arveja\u00a0 - Inova\u00e7\u00e3o em Alimentos e Bebidas | MasterSense<\/title>\n<meta name=\"robots\" content=\"index, follow, max-snippet:-1, max-image-preview:large, max-video-preview:-1\" \/>\n<link rel=\"canonical\" href=\"https:\/\/mastersense.com\/es\/lo-que-necesitas-saber-sobre-la-proteina-de-arveja\/\" \/>\n<meta property=\"og:locale\" content=\"es_ES\" \/>\n<meta property=\"og:type\" content=\"article\" \/>\n<meta property=\"og:title\" content=\"Lo que necesitas saber sobre la prote\u00edna de arveja\u00a0 - Inova\u00e7\u00e3o em Alimentos e Bebidas | MasterSense\" \/>\n<meta property=\"og:description\" content=\"Seg\u00fan datos de GNPD Mintel, los productos lanzados a nivel mundial con\u00a0prote\u00edna de arveja\u00a0mostraron un crecimiento de aproximadamente 4% entre los a\u00f1os 2020 y 2022, siendo la prote\u00edna vegetal de mayor crecimiento en la actualidad.\" \/>\n<meta property=\"og:url\" content=\"https:\/\/mastersense.com\/es\/lo-que-necesitas-saber-sobre-la-proteina-de-arveja\/\" \/>\n<meta property=\"og:site_name\" content=\"Inova\u00e7\u00e3o em Alimentos e Bebidas | MasterSense\" \/>\n<meta property=\"article:published_time\" content=\"2025-07-04T20:14:21+00:00\" \/>\n<meta property=\"article:modified_time\" content=\"2025-07-04T20:14:23+00:00\" \/>\n<meta property=\"og:image\" content=\"https:\/\/mastersense.com\/wp-content\/uploads\/2025\/12\/Share.webp\" \/>\n\t<meta property=\"og:image:width\" content=\"709\" \/>\n\t<meta property=\"og:image:height\" content=\"472\" \/>\n\t<meta property=\"og:image:type\" content=\"image\/jpeg\" \/>\n<meta name=\"author\" content=\"fuerzastudio\" \/>\n<meta name=\"twitter:card\" content=\"summary_large_image\" \/>\n<meta name=\"twitter:label1\" content=\"Escrito por\" \/>\n\t<meta name=\"twitter:data1\" content=\"fuerzastudio\" \/>\n\t<meta name=\"twitter:label2\" content=\"Tiempo de lectura\" \/>\n\t<meta name=\"twitter:data2\" content=\"5 minutos\" \/>\n<script type=\"application\/ld+json\" class=\"yoast-schema-graph\">{\"@context\":\"https:\/\/schema.org\",\"@graph\":[{\"@type\":\"Article\",\"@id\":\"https:\/\/mastersense.com\/es\/lo-que-necesitas-saber-sobre-la-proteina-de-arveja\/#article\",\"isPartOf\":{\"@id\":\"https:\/\/mastersense.com\/es\/lo-que-necesitas-saber-sobre-la-proteina-de-arveja\/\"},\"author\":{\"name\":\"fuerzastudio\",\"@id\":\"https:\/\/mastersense.com\/es\/#\/schema\/person\/fcf5cf207b8496e5d889ec5cac0bff30\"},\"headline\":\"Lo que necesitas saber sobre la prote\u00edna de arveja\u00a0\",\"datePublished\":\"2025-07-04T20:14:21+00:00\",\"dateModified\":\"2025-07-04T20:14:23+00:00\",\"mainEntityOfPage\":{\"@id\":\"https:\/\/mastersense.com\/es\/lo-que-necesitas-saber-sobre-la-proteina-de-arveja\/\"},\"wordCount\":728,\"commentCount\":0,\"publisher\":{\"@id\":\"https:\/\/mastersense.com\/es\/#organization\"},\"image\":{\"@id\":\"https:\/\/mastersense.com\/es\/lo-que-necesitas-saber-sobre-la-proteina-de-arveja\/#primaryimage\"},\"thumbnailUrl\":\"https:\/\/i0.wp.com\/mastersense.com\/wp-content\/uploads\/2025\/07\/proteina-de-arveja-.webp?fit=709%2C472&ssl=1\",\"articleSection\":[\"Ingredientes\",\"Suplementos Alimenticios\",\"Tendencias\"],\"inLanguage\":\"es\",\"potentialAction\":[{\"@type\":\"CommentAction\",\"name\":\"Comment\",\"target\":[\"https:\/\/mastersense.com\/es\/lo-que-necesitas-saber-sobre-la-proteina-de-arveja\/#respond\"]}]},{\"@type\":\"WebPage\",\"@id\":\"https:\/\/mastersense.com\/es\/lo-que-necesitas-saber-sobre-la-proteina-de-arveja\/\",\"url\":\"https:\/\/mastersense.com\/es\/lo-que-necesitas-saber-sobre-la-proteina-de-arveja\/\",\"name\":\"Lo que necesitas saber sobre la prote\u00edna de arveja\u00a0 - Inova\u00e7\u00e3o em Alimentos e Bebidas | MasterSense\",\"isPartOf\":{\"@id\":\"https:\/\/mastersense.com\/es\/#website\"},\"primaryImageOfPage\":{\"@id\":\"https:\/\/mastersense.com\/es\/lo-que-necesitas-saber-sobre-la-proteina-de-arveja\/#primaryimage\"},\"image\":{\"@id\":\"https:\/\/mastersense.com\/es\/lo-que-necesitas-saber-sobre-la-proteina-de-arveja\/#primaryimage\"},\"thumbnailUrl\":\"https:\/\/i0.wp.com\/mastersense.com\/wp-content\/uploads\/2025\/07\/proteina-de-arveja-.webp?fit=709%2C472&ssl=1\",\"datePublished\":\"2025-07-04T20:14:21+00:00\",\"dateModified\":\"2025-07-04T20:14:23+00:00\",\"breadcrumb\":{\"@id\":\"https:\/\/mastersense.com\/es\/lo-que-necesitas-saber-sobre-la-proteina-de-arveja\/#breadcrumb\"},\"inLanguage\":\"es\",\"potentialAction\":[{\"@type\":\"ReadAction\",\"target\":[\"https:\/\/mastersense.com\/es\/lo-que-necesitas-saber-sobre-la-proteina-de-arveja\/\"]}]},{\"@type\":\"ImageObject\",\"inLanguage\":\"es\",\"@id\":\"https:\/\/mastersense.com\/es\/lo-que-necesitas-saber-sobre-la-proteina-de-arveja\/#primaryimage\",\"url\":\"https:\/\/i0.wp.com\/mastersense.com\/wp-content\/uploads\/2025\/07\/proteina-de-arveja-.webp?fit=709%2C472&ssl=1\",\"contentUrl\":\"https:\/\/i0.wp.com\/mastersense.com\/wp-content\/uploads\/2025\/07\/proteina-de-arveja-.webp?fit=709%2C472&ssl=1\",\"width\":709,\"height\":472},{\"@type\":\"BreadcrumbList\",\"@id\":\"https:\/\/mastersense.com\/es\/lo-que-necesitas-saber-sobre-la-proteina-de-arveja\/#breadcrumb\",\"itemListElement\":[{\"@type\":\"ListItem\",\"position\":1,\"name\":\"Home\",\"item\":\"https:\/\/mastersense.com\/es\/home\/\"},{\"@type\":\"ListItem\",\"position\":2,\"name\":\"Lo que necesitas saber sobre la prote\u00edna de arveja\u00a0\"}]},{\"@type\":\"WebSite\",\"@id\":\"https:\/\/mastersense.com\/es\/#website\",\"url\":\"https:\/\/mastersense.com\/es\/\",\"name\":\"Master Sense\",\"description\":\"Criamos o futuro da alimenta\u00e7\u00e3o com solu\u00e7\u00f5es em ingredientes e aromas para marcas que querem inovar com sa\u00fade, sabor e performance.\",\"publisher\":{\"@id\":\"https:\/\/mastersense.com\/es\/#organization\"},\"potentialAction\":[{\"@type\":\"SearchAction\",\"target\":{\"@type\":\"EntryPoint\",\"urlTemplate\":\"https:\/\/mastersense.com\/es\/?s={search_term_string}\"},\"query-input\":{\"@type\":\"PropertyValueSpecification\",\"valueRequired\":true,\"valueName\":\"search_term_string\"}}],\"inLanguage\":\"es\"},{\"@type\":\"Organization\",\"@id\":\"https:\/\/mastersense.com\/es\/#organization\",\"name\":\"Master Sense\",\"url\":\"https:\/\/mastersense.com\/es\/\",\"logo\":{\"@type\":\"ImageObject\",\"inLanguage\":\"es\",\"@id\":\"https:\/\/mastersense.com\/es\/#\/schema\/logo\/image\/\",\"url\":\"https:\/\/mastersense.com\/wp-content\/uploads\/2025\/01\/Logo_fundo_colorido.svg\",\"contentUrl\":\"https:\/\/mastersense.com\/wp-content\/uploads\/2025\/01\/Logo_fundo_colorido.svg\",\"width\":208,\"height\":27,\"caption\":\"Master Sense\"},\"image\":{\"@id\":\"https:\/\/mastersense.com\/es\/#\/schema\/logo\/image\/\"}},{\"@type\":\"Person\",\"@id\":\"https:\/\/mastersense.com\/es\/#\/schema\/person\/fcf5cf207b8496e5d889ec5cac0bff30\",\"name\":\"fuerzastudio\",\"image\":{\"@type\":\"ImageObject\",\"inLanguage\":\"es\",\"@id\":\"https:\/\/mastersense.com\/es\/#\/schema\/person\/image\/\",\"url\":\"https:\/\/secure.gravatar.com\/avatar\/27be12933576b6a1cb7826ab8d5b7649a917c550082a3e8ab1488e8fe8c1347e?s=96&d=mm&r=g\",\"contentUrl\":\"https:\/\/secure.gravatar.com\/avatar\/27be12933576b6a1cb7826ab8d5b7649a917c550082a3e8ab1488e8fe8c1347e?s=96&d=mm&r=g\",\"caption\":\"fuerzastudio\"},\"description\":\"Jornalista, mestre em comunica\u00e7\u00e3o e assessora de imprensa do Mastersense\",\"sameAs\":[\"https:\/\/stage-mastersense.fuerzastudio.com\"],\"url\":\"https:\/\/mastersense.com\/es\/author\/fuerzastudio\/\"}]}<\/script>\n<!-- \/ Yoast SEO plugin. -->","yoast_head_json":{"title":"Lo que necesitas saber sobre la prote\u00edna de arveja\u00a0 - Inova\u00e7\u00e3o em Alimentos e Bebidas | MasterSense","robots":{"index":"index","follow":"follow","max-snippet":"max-snippet:-1","max-image-preview":"max-image-preview:large","max-video-preview":"max-video-preview:-1"},"canonical":"https:\/\/mastersense.com\/es\/lo-que-necesitas-saber-sobre-la-proteina-de-arveja\/","og_locale":"es_ES","og_type":"article","og_title":"Lo que necesitas saber sobre la prote\u00edna de arveja\u00a0 - Inova\u00e7\u00e3o em Alimentos e Bebidas | MasterSense","og_description":"Seg\u00fan datos de GNPD Mintel, los productos lanzados a nivel mundial con\u00a0prote\u00edna de arveja\u00a0mostraron un crecimiento de aproximadamente 4% entre los a\u00f1os 2020 y 2022, siendo la prote\u00edna vegetal de mayor crecimiento en la actualidad.","og_url":"https:\/\/mastersense.com\/es\/lo-que-necesitas-saber-sobre-la-proteina-de-arveja\/","og_site_name":"Inova\u00e7\u00e3o em Alimentos e Bebidas | MasterSense","article_published_time":"2025-07-04T20:14:21+00:00","article_modified_time":"2025-07-04T20:14:23+00:00","og_image":[{"width":709,"height":472,"url":"https:\/\/mastersense.com\/wp-content\/uploads\/2025\/12\/Share.webp","type":"image\/jpeg"}],"author":"fuerzastudio","twitter_card":"summary_large_image","twitter_misc":{"Escrito por":"fuerzastudio","Tiempo de lectura":"5 minutos"},"schema":{"@context":"https:\/\/schema.org","@graph":[{"@type":"Article","@id":"https:\/\/mastersense.com\/es\/lo-que-necesitas-saber-sobre-la-proteina-de-arveja\/#article","isPartOf":{"@id":"https:\/\/mastersense.com\/es\/lo-que-necesitas-saber-sobre-la-proteina-de-arveja\/"},"author":{"name":"fuerzastudio","@id":"https:\/\/mastersense.com\/es\/#\/schema\/person\/fcf5cf207b8496e5d889ec5cac0bff30"},"headline":"Lo que necesitas saber sobre la prote\u00edna de arveja\u00a0","datePublished":"2025-07-04T20:14:21+00:00","dateModified":"2025-07-04T20:14:23+00:00","mainEntityOfPage":{"@id":"https:\/\/mastersense.com\/es\/lo-que-necesitas-saber-sobre-la-proteina-de-arveja\/"},"wordCount":728,"commentCount":0,"publisher":{"@id":"https:\/\/mastersense.com\/es\/#organization"},"image":{"@id":"https:\/\/mastersense.com\/es\/lo-que-necesitas-saber-sobre-la-proteina-de-arveja\/#primaryimage"},"thumbnailUrl":"https:\/\/i0.wp.com\/mastersense.com\/wp-content\/uploads\/2025\/07\/proteina-de-arveja-.webp?fit=709%2C472&ssl=1","articleSection":["Ingredientes","Suplementos Alimenticios","Tendencias"],"inLanguage":"es","potentialAction":[{"@type":"CommentAction","name":"Comment","target":["https:\/\/mastersense.com\/es\/lo-que-necesitas-saber-sobre-la-proteina-de-arveja\/#respond"]}]},{"@type":"WebPage","@id":"https:\/\/mastersense.com\/es\/lo-que-necesitas-saber-sobre-la-proteina-de-arveja\/","url":"https:\/\/mastersense.com\/es\/lo-que-necesitas-saber-sobre-la-proteina-de-arveja\/","name":"Lo que necesitas saber sobre la prote\u00edna de arveja\u00a0 - Inova\u00e7\u00e3o em Alimentos e Bebidas | MasterSense","isPartOf":{"@id":"https:\/\/mastersense.com\/es\/#website"},"primaryImageOfPage":{"@id":"https:\/\/mastersense.com\/es\/lo-que-necesitas-saber-sobre-la-proteina-de-arveja\/#primaryimage"},"image":{"@id":"https:\/\/mastersense.com\/es\/lo-que-necesitas-saber-sobre-la-proteina-de-arveja\/#primaryimage"},"thumbnailUrl":"https:\/\/i0.wp.com\/mastersense.com\/wp-content\/uploads\/2025\/07\/proteina-de-arveja-.webp?fit=709%2C472&ssl=1","datePublished":"2025-07-04T20:14:21+00:00","dateModified":"2025-07-04T20:14:23+00:00","breadcrumb":{"@id":"https:\/\/mastersense.com\/es\/lo-que-necesitas-saber-sobre-la-proteina-de-arveja\/#breadcrumb"},"inLanguage":"es","potentialAction":[{"@type":"ReadAction","target":["https:\/\/mastersense.com\/es\/lo-que-necesitas-saber-sobre-la-proteina-de-arveja\/"]}]},{"@type":"ImageObject","inLanguage":"es","@id":"https:\/\/mastersense.com\/es\/lo-que-necesitas-saber-sobre-la-proteina-de-arveja\/#primaryimage","url":"https:\/\/i0.wp.com\/mastersense.com\/wp-content\/uploads\/2025\/07\/proteina-de-arveja-.webp?fit=709%2C472&ssl=1","contentUrl":"https:\/\/i0.wp.com\/mastersense.com\/wp-content\/uploads\/2025\/07\/proteina-de-arveja-.webp?fit=709%2C472&ssl=1","width":709,"height":472},{"@type":"BreadcrumbList","@id":"https:\/\/mastersense.com\/es\/lo-que-necesitas-saber-sobre-la-proteina-de-arveja\/#breadcrumb","itemListElement":[{"@type":"ListItem","position":1,"name":"Home","item":"https:\/\/mastersense.com\/es\/home\/"},{"@type":"ListItem","position":2,"name":"Lo que necesitas saber sobre la prote\u00edna de arveja\u00a0"}]},{"@type":"WebSite","@id":"https:\/\/mastersense.com\/es\/#website","url":"https:\/\/mastersense.com\/es\/","name":"Master Sense","description":"Criamos o futuro da alimenta\u00e7\u00e3o com solu\u00e7\u00f5es em ingredientes e aromas para marcas que querem inovar com sa\u00fade, sabor e performance.","publisher":{"@id":"https:\/\/mastersense.com\/es\/#organization"},"potentialAction":[{"@type":"SearchAction","target":{"@type":"EntryPoint","urlTemplate":"https:\/\/mastersense.com\/es\/?s={search_term_string}"},"query-input":{"@type":"PropertyValueSpecification","valueRequired":true,"valueName":"search_term_string"}}],"inLanguage":"es"},{"@type":"Organization","@id":"https:\/\/mastersense.com\/es\/#organization","name":"Master Sense","url":"https:\/\/mastersense.com\/es\/","logo":{"@type":"ImageObject","inLanguage":"es","@id":"https:\/\/mastersense.com\/es\/#\/schema\/logo\/image\/","url":"https:\/\/mastersense.com\/wp-content\/uploads\/2025\/01\/Logo_fundo_colorido.svg","contentUrl":"https:\/\/mastersense.com\/wp-content\/uploads\/2025\/01\/Logo_fundo_colorido.svg","width":208,"height":27,"caption":"Master Sense"},"image":{"@id":"https:\/\/mastersense.com\/es\/#\/schema\/logo\/image\/"}},{"@type":"Person","@id":"https:\/\/mastersense.com\/es\/#\/schema\/person\/fcf5cf207b8496e5d889ec5cac0bff30","name":"fuerzastudio","image":{"@type":"ImageObject","inLanguage":"es","@id":"https:\/\/mastersense.com\/es\/#\/schema\/person\/image\/","url":"https:\/\/secure.gravatar.com\/avatar\/27be12933576b6a1cb7826ab8d5b7649a917c550082a3e8ab1488e8fe8c1347e?s=96&d=mm&r=g","contentUrl":"https:\/\/secure.gravatar.com\/avatar\/27be12933576b6a1cb7826ab8d5b7649a917c550082a3e8ab1488e8fe8c1347e?s=96&d=mm&r=g","caption":"fuerzastudio"},"description":"Jornalista, mestre em comunica\u00e7\u00e3o e assessora de imprensa do Mastersense","sameAs":["https:\/\/stage-mastersense.fuerzastudio.com"],"url":"https:\/\/mastersense.com\/es\/author\/fuerzastudio\/"}]}},"_links":{"self":[{"href":"https:\/\/mastersense.com\/es\/wp-json\/wp\/v2\/posts\/10974","targetHints":{"allow":["GET"]}}],"collection":[{"href":"https:\/\/mastersense.com\/es\/wp-json\/wp\/v2\/posts"}],"about":[{"href":"https:\/\/mastersense.com\/es\/wp-json\/wp\/v2\/types\/post"}],"author":[{"embeddable":true,"href":"https:\/\/mastersense.com\/es\/wp-json\/wp\/v2\/users\/1"}],"replies":[{"embeddable":true,"href":"https:\/\/mastersense.com\/es\/wp-json\/wp\/v2\/comments?post=10974"}],"version-history":[{"count":1,"href":"https:\/\/mastersense.com\/es\/wp-json\/wp\/v2\/posts\/10974\/revisions"}],"predecessor-version":[{"id":10981,"href":"https:\/\/mastersense.com\/es\/wp-json\/wp\/v2\/posts\/10974\/revisions\/10981"}],"wp:featuredmedia":[{"embeddable":true,"href":"https:\/\/mastersense.com\/es\/wp-json\/wp\/v2\/media\/10975"}],"wp:attachment":[{"href":"https:\/\/mastersense.com\/es\/wp-json\/wp\/v2\/media?parent=10974"}],"wp:term":[{"taxonomy":"category","embeddable":true,"href":"https:\/\/mastersense.com\/es\/wp-json\/wp\/v2\/categories?post=10974"},{"taxonomy":"post_tag","embeddable":true,"href":"https:\/\/mastersense.com\/es\/wp-json\/wp\/v2\/tags?post=10974"}],"curies":[{"name":"wp","href":"https:\/\/api.w.org\/{rel}","templated":true}]}}